{"id":435,"date":"2016-03-22T14:06:56","date_gmt":"2016-03-22T14:06:56","guid":{"rendered":"http:\/\/tbleipzig.blogsport.eu\/?p=435"},"modified":"2016-03-22T14:06:56","modified_gmt":"2016-03-22T14:06:56","slug":"rueckblick-zirkus-berolina-1-demo-verletzte-elefanten","status":"publish","type":"post","link":"https:\/\/tierbefreier.org\/tbleipzig\/2016\/03\/22\/rueckblick-zirkus-berolina-1-demo-verletzte-elefanten\/","title":{"rendered":"R\u00fcckblick: Zirkus Berolina 1. Demo, verletzte Elefanten"},"content":{"rendered":"<p>Ostdeutschlands letzter Gro\u00dfzirkus bescherte uns in den ersten Tagen in Leipzig skurrile bis traurige Erlebnisse.<\/p>\n<p>Skurril war das Verhalten der Zirkusleute am Rande unserer Demo am 19.3. &#8211; die Zirkusmitarbeiter*innen versuchten unsere Kundgebung durch einen Aufsteller mit plumpen Anti-Peta-Parolen zu diskreditieren, ohne zu merken, dass wir mit Peta nichts zu tun haben. Auf entsprechende Hinweise unsererseits reagierte man mit wirren Verschw\u00f6rungstheorien, die uns dar\u00fcber hinaus mit Scientology in Verbindung bringen wollten.<br \/>\nAus aktuellem Anlass also hier\u00a0nochmal in aller Deutlichkeit: Wir geh\u00f6ren nicht zu Peta &#8211; auf Holocaustvergleiche und sexistische Kampagnen haben wir \u00fcberhaupt keinen Bock &#8211; und wir werden selbstverst\u00e4ndlich ausschlie\u00dflich vom Antifa e.V. bezahlt! \ud83d\ude09<\/p>\n<p><a href=\"http:\/\/leipzig.tierbefreier.org\/wp-content\/uploads\/sites\/3\/2016\/03\/12321212_1002132699834897_8065417471796810646_n.jpg\" rel=\"attachment wp-att-425\"><img loading=\"lazy\" decoding=\"async\" class=\"alignnone wp-image-425 \" src=\"http:\/\/leipzig.tierbefreier.org\/wp-content\/uploads\/sites\/3\/2016\/03\/12321212_1002132699834897_8065417471796810646_n-300x225.jpg\" alt=\"12321212_1002132699834897_8065417471796810646_n\" width=\"631\" height=\"473\" srcset=\"https:\/\/tierbefreier.org\/tbleipzig\/wp-content\/uploads\/sites\/3\/2016\/03\/12321212_1002132699834897_8065417471796810646_n-300x225.jpg 300w, https:\/\/tierbefreier.org\/tbleipzig\/wp-content\/uploads\/sites\/3\/2016\/03\/12321212_1002132699834897_8065417471796810646_n-768x576.jpg 768w, https:\/\/tierbefreier.org\/tbleipzig\/wp-content\/uploads\/sites\/3\/2016\/03\/12321212_1002132699834897_8065417471796810646_n.jpg 960w\" sizes=\"auto, (max-width: 631px) 100vw, 631px\" \/><\/a><\/p>\n<p>Auch boten sie den ohnehin kaum 20 Besucher*innen 5\u20ac Rabatt f\u00fcr einen an der Kasse abgegeben Tierrechtsflyer an. Wir hoffen, dass sie damit ernst gemacht haben und unsere Arbeit direkt zu ihrem wirtschaftlichen Ruin beigetragen hat. Der Star der Show, die uns die Zirkusleute geboten haben, war aber eindeutig die Zirkusdirektorin. Ihr Programm beinhaltete die \u00fcblichen Rechtfertigungen wie: &#8222;Die haben ja schon immer in Gefangenschaft gelebt, also ist das ok!&#8220; und Besch\u00f6nigungen wie &#8222;Wir leben Tag und Nacht f\u00fcr unsere Tiere!&#8220;. Wie intensiv und liebevoll die Beziehung zu den Tieren ist, konnte mensch dann in der Vorstellung sehen.<br \/>\nDie\u00a0Infos und Berichte \u00fcber die Behandlung der nichtmenschlichen Tiere in der Manege stimmen uns \u00e4u\u00dferst traurig. Ein Besucher lie\u00df uns Bilder zukommen auf denen zu sehen ist, wie ein Elefant mit einer offenen Verletzung auftreten musste.<\/p>\n<p><a href=\"http:\/\/leipzig.tierbefreier.org\/wp-content\/uploads\/sites\/3\/2016\/03\/p1020270.jpg\" rel=\"attachment wp-att-426\"><img loading=\"lazy\" decoding=\"async\" class=\"alignnone size-medium wp-image-426\" src=\"http:\/\/leipzig.tierbefreier.org\/wp-content\/uploads\/sites\/3\/2016\/03\/p1020270-300x222.jpg\" alt=\"P1020270\" width=\"300\" height=\"222\" srcset=\"https:\/\/tierbefreier.org\/tbleipzig\/wp-content\/uploads\/sites\/3\/2016\/03\/p1020270-300x222.jpg 300w, https:\/\/tierbefreier.org\/tbleipzig\/wp-content\/uploads\/sites\/3\/2016\/03\/p1020270-768x569.jpg 768w, https:\/\/tierbefreier.org\/tbleipzig\/wp-content\/uploads\/sites\/3\/2016\/03\/p1020270.jpg 800w\" sizes=\"auto, (max-width: 300px) 100vw, 300px\" \/><\/a> <a href=\"http:\/\/leipzig.tierbefreier.org\/wp-content\/uploads\/sites\/3\/2016\/03\/p1020273.jpg\" rel=\"attachment wp-att-427\"><img loading=\"lazy\" decoding=\"async\" class=\"alignnone wp-image-427\" src=\"http:\/\/leipzig.tierbefreier.org\/wp-content\/uploads\/sites\/3\/2016\/03\/p1020273-300x216.jpg\" alt=\"P1020273\" width=\"313\" height=\"225\" srcset=\"https:\/\/tierbefreier.org\/tbleipzig\/wp-content\/uploads\/sites\/3\/2016\/03\/p1020273-300x216.jpg 300w, https:\/\/tierbefreier.org\/tbleipzig\/wp-content\/uploads\/sites\/3\/2016\/03\/p1020273-768x552.jpg 768w, https:\/\/tierbefreier.org\/tbleipzig\/wp-content\/uploads\/sites\/3\/2016\/03\/p1020273.jpg 800w\" sizes=\"auto, (max-width: 313px) 100vw, 313px\" \/><\/a><\/p>\n<p>Berichten zufolge musste der Elefant auch am Folgetag wieder auftreten. Es ist anzunehmen, dass der Elefant wohl immer in die Manege muss, ob verletzt oder nicht. Auch \u00fcber die Artistiknummern auf Pferden wurde Gruseliges berichtet. Abgesehen davon, dass sich f\u00fcnf Menschen auf ein Pferd zw\u00e4ngten, muss ein R\u00fcckw\u00e4rtssalto auf einem Pferd zweimal misslungen sein, wobei der Artist jedes mal mit dem Fu\u00df gegen den Kopf des Pferdes trat.<\/p>\n<p><a href=\"http:\/\/leipzig.tierbefreier.org\/wp-content\/uploads\/sites\/3\/2016\/03\/p1020289.jpg\" rel=\"attachment wp-att-428\"><img loading=\"lazy\" decoding=\"async\" class=\"alignnone size-medium wp-image-428\" src=\"http:\/\/leipzig.tierbefreier.org\/wp-content\/uploads\/sites\/3\/2016\/03\/p1020289-300x225.jpg\" alt=\"P1020289\" width=\"300\" height=\"225\" srcset=\"https:\/\/tierbefreier.org\/tbleipzig\/wp-content\/uploads\/sites\/3\/2016\/03\/p1020289-300x225.jpg 300w, https:\/\/tierbefreier.org\/tbleipzig\/wp-content\/uploads\/sites\/3\/2016\/03\/p1020289-768x576.jpg 768w, https:\/\/tierbefreier.org\/tbleipzig\/wp-content\/uploads\/sites\/3\/2016\/03\/p1020289.jpg 800w\" sizes=\"auto, (max-width: 300px) 100vw, 300px\" \/><\/a><\/p>\n<p>Wir hoffen, dass sich das Veterin\u00e4ramt dieses Falles annimmt und, wenigstens so lange der Zirkus in Leipzig ist, die Auftritte der Tiere unterbindet. So unzureichend das Tierschutzgesetz und so begrenzt staatliche Intervention auch sein m\u00f6gen, hier k\u00f6nnten sie nichtmenschliche Tiere vor noch schlimmeren Leiden und Ausbeutung bewahren.<\/p>\n<p>Da aber Regierungen uns kein sch\u00f6nes Leben f\u00fcr alle und keine befreite Gesellschaft geben k\u00f6nnen, sind wir auch weiter aktiv bis kein nichtmenschliches Tier und auch kein Mensch mehr menschlicher Herrschaft ausgesetzt ist. Wir hoffen euch bei unserer n\u00e4chsten <a href=\"https:\/\/www.facebook.com\/events\/239018303105931\/\">Demo<\/a> &#8211; am 28.3. &#8211; vor dem Zirkus zu sehen.<\/p>\n<p>Presseberichte:<br \/>\n<a href=\"http:\/\/www.mdr.de\/mediathek\/sendung646176_ipgctx-false_zc-ce9eb643_zs-df360c07.html\">MDR um Vier<\/a> (ab 10.20 min) (Fehler der Presse: Wir demonstrieren nat\u00fcrlich gegen die Ausbeutung alle Tiere in Zirkus, nicht nur der sog. Wildtiere.)<\/p>\n<p><a href=\"http:\/\/www.l-iz.de\/leben\/faelle-unfaelle\/2016\/03\/der-zirkus-ist-der-stadt-berolina-und-die-elefanten-131140\">LIZ-Artikel<\/a><\/p>\n","protected":false},"excerpt":{"rendered":"<p>Ostdeutschlands letzter Gro\u00dfzirkus bescherte uns in den ersten Tagen in Leipzig skurrile bis traurige Erlebnisse. Skurril war das Verhalten der Zirkusleute am Rande unserer Demo am 19.3. &#8211; die Zirkusmitarbeiter*innen versuchten unsere Kundgebung durch einen Aufsteller mit plumpen Anti-Peta-Parolen zu diskreditieren, ohne zu merken, dass wir mit Peta nichts zu tun haben. Auf entsprechende Hinweise [&hellip;]<\/p>\n","protected":false},"author":10,"featured_media":425,"comment_status":"open","ping_status":"open","sticky":false,"template":"","format":"standard","meta":{"footnotes":""},"categories":[1],"tags":[],"class_list":["post-435","post","type-post","status-publish","format-standard","has-post-thumbnail","hentry","category-allgemein"],"_links":{"self":[{"href":"https:\/\/tierbefreier.org\/tbleipzig\/wp-json\/wp\/v2\/posts\/435","targetHints":{"allow":["GET"]}}],"collection":[{"href":"https:\/\/tierbefreier.org\/tbleipzig\/wp-json\/wp\/v2\/posts"}],"about":[{"href":"https:\/\/tierbefreier.org\/tbleipzig\/wp-json\/wp\/v2\/types\/post"}],"author":[{"embeddable":true,"href":"https:\/\/tierbefreier.org\/tbleipzig\/wp-json\/wp\/v2\/users\/10"}],"replies":[{"embeddable":true,"href":"https:\/\/tierbefreier.org\/tbleipzig\/wp-json\/wp\/v2\/comments?post=435"}],"version-history":[{"count":0,"href":"https:\/\/tierbefreier.org\/tbleipzig\/wp-json\/wp\/v2\/posts\/435\/revisions"}],"wp:featuredmedia":[{"embeddable":true,"href":"https:\/\/tierbefreier.org\/tbleipzig\/wp-json\/wp\/v2\/media\/425"}],"wp:attachment":[{"href":"https:\/\/tierbefreier.org\/tbleipzig\/wp-json\/wp\/v2\/media?parent=435"}],"wp:term":[{"taxonomy":"category","embeddable":true,"href":"https:\/\/tierbefreier.org\/tbleipzig\/wp-json\/wp\/v2\/categories?post=435"},{"taxonomy":"post_tag","embeddable":true,"href":"https:\/\/tierbefreier.org\/tbleipzig\/wp-json\/wp\/v2\/tags?post=435"}],"curies":[{"name":"wp","href":"https:\/\/api.w.org\/{rel}","templated":true}]}}