{"id":2137,"date":"2026-04-16T11:52:03","date_gmt":"2026-04-16T09:52:03","guid":{"rendered":"https:\/\/tierbefreier.org\/tbleipzig\/?p=2137"},"modified":"2026-04-16T12:02:07","modified_gmt":"2026-04-16T10:02:07","slug":"magazin-tierbefreiung-systeme-im-kollaps","status":"publish","type":"post","link":"https:\/\/tierbefreier.org\/tbleipzig\/2026\/04\/16\/magazin-tierbefreiung-systeme-im-kollaps\/","title":{"rendered":"Magazin TIERBEFREIUNG \/ Systeme im Kollaps"},"content":{"rendered":"<p>Unser aller Lebensgrundlage hat angefangen zu kollabieren. Mit dem Korallensterben ist der erste Kipppunkt im Herbst 2025 \u00fcberschritten. 3 Grad globale Erhitzung k\u00f6nnten nach neueren Studien schon 2050 erreicht werden. Das 6. gro\u00dfe Massenaussterben ist l\u00e4ngst im Gange. Dabei geht es nicht um abstrakte Spezies, sondern um das Leid und den Tod unz\u00e4hliger Individuen. Zeit mit dem kapitalistischen System der Selbstzerst\u00f6rung Schluss zu machen. Kapitalismus und Autoritarismus sollen kollabieren, nicht das Leben auf unserem unserem Planeten!<\/p>\n<p>Die aktuelle Ausgabe des Magazin Tierbefreiung ist jetzt erh\u00e4ltlich. In Leipzig in der Vleischerei in der Eisi, Vleischerei konieczny (Westen) und im No Borders in Connewitz.<\/p>\n","protected":false},"excerpt":{"rendered":"<p>Unser aller Lebensgrundlage hat angefangen zu kollabieren. Mit dem Korallensterben ist der erste Kipppunkt im Herbst 2025 \u00fcberschritten. 3 Grad globale Erhitzung k\u00f6nnten nach neueren Studien schon 2050 erreicht werden. Das 6. gro\u00dfe Massenaussterben ist l\u00e4ngst im Gange. Dabei geht es nicht um abstrakte Spezies, sondern um das Leid und den Tod unz\u00e4hliger Individuen. Zeit [&hellip;]<\/p>\n","protected":false},"author":12,"featured_media":2138,"comment_status":"closed","ping_status":"open","sticky":false,"template":"","format":"standard","meta":{"footnotes":""},"categories":[1],"tags":[],"class_list":["post-2137","post","type-post","status-publish","format-standard","has-post-thumbnail","hentry","category-allgemein"],"_links":{"self":[{"href":"https:\/\/tierbefreier.org\/tbleipzig\/wp-json\/wp\/v2\/posts\/2137","targetHints":{"allow":["GET"]}}],"collection":[{"href":"https:\/\/tierbefreier.org\/tbleipzig\/wp-json\/wp\/v2\/posts"}],"about":[{"href":"https:\/\/tierbefreier.org\/tbleipzig\/wp-json\/wp\/v2\/types\/post"}],"author":[{"embeddable":true,"href":"https:\/\/tierbefreier.org\/tbleipzig\/wp-json\/wp\/v2\/users\/12"}],"replies":[{"embeddable":true,"href":"https:\/\/tierbefreier.org\/tbleipzig\/wp-json\/wp\/v2\/comments?post=2137"}],"version-history":[{"count":3,"href":"https:\/\/tierbefreier.org\/tbleipzig\/wp-json\/wp\/v2\/posts\/2137\/revisions"}],"predecessor-version":[{"id":2141,"href":"https:\/\/tierbefreier.org\/tbleipzig\/wp-json\/wp\/v2\/posts\/2137\/revisions\/2141"}],"wp:featuredmedia":[{"embeddable":true,"href":"https:\/\/tierbefreier.org\/tbleipzig\/wp-json\/wp\/v2\/media\/2138"}],"wp:attachment":[{"href":"https:\/\/tierbefreier.org\/tbleipzig\/wp-json\/wp\/v2\/media?parent=2137"}],"wp:term":[{"taxonomy":"category","embeddable":true,"href":"https:\/\/tierbefreier.org\/tbleipzig\/wp-json\/wp\/v2\/categories?post=2137"},{"taxonomy":"post_tag","embeddable":true,"href":"https:\/\/tierbefreier.org\/tbleipzig\/wp-json\/wp\/v2\/tags?post=2137"}],"curies":[{"name":"wp","href":"https:\/\/api.w.org\/{rel}","templated":true}]}}