{"id":1787,"date":"2025-03-31T14:46:43","date_gmt":"2025-03-31T12:46:43","guid":{"rendered":"https:\/\/tierbefreier.org\/tbleipzig\/?p=1787"},"modified":"2025-03-31T18:21:21","modified_gmt":"2025-03-31T16:21:21","slug":"trans-day-of-visibility","status":"publish","type":"post","link":"https:\/\/tierbefreier.org\/tbleipzig\/2025\/03\/31\/trans-day-of-visibility\/","title":{"rendered":"Trans Day of Visibility"},"content":{"rendered":"\n<p>Heute feiern wir alle trans und nicht bin\u00e4ren Personen. Wir feiern das Leben in all seiner Vielfalt in allen Farben des schillernden Regenbogens.&nbsp;<\/p>\n\n\n\n<p>Wir feiern dass trans* Personen existieren und ihre Freude.<br>Und k\u00e4mpfen gegen die fortschreitende Unsichtbarmachung &amp; D\u00e4monisierung von trans* Personen durch konservative und rechtsradikale wie Trump.<\/p>\n\n\n\n<p>Die Politik wird immer regressiver, trans*Kindern soll bald der Zugang zu medizinischer Versorgung abgeschnitten werden. Wenn&#8217;s nach der CDU geht, wird auch das Selbstbestimmungsgesetz wieder einkassiert. Aller Orts wird Diskriminierung wieder salonf\u00e4hig. Gewaltsame \u00dcbergriffe sind leider kein Einzelfall.<\/p>\n\n\n\n<p>Das wird uns aber nicht abhalten: Wir feiern heute den Trans Day of Visibility und sagen dem Patriarchat und allen Unterdr\u00fcckungsstrukturen den Kampf an. F\u00fcr Vielfalt statt Zweit\u00f6nigkeit. F\u00fcr Tanz statt Gleischritt.&nbsp; Stonewall was a Riot!<\/p>\n","protected":false},"excerpt":{"rendered":"<p>Heute feiern wir alle trans und nicht bin\u00e4ren Personen. Wir feiern das Leben in all seiner Vielfalt in allen Farben des schillernden Regenbogens.&nbsp; Wir feiern dass trans* Personen existieren und ihre Freude.Und k\u00e4mpfen gegen die fortschreitende Unsichtbarmachung &amp; D\u00e4monisierung von trans* Personen durch konservative und rechtsradikale wie Trump. Die Politik wird immer regressiver, trans*Kindern soll [&hellip;]<\/p>\n","protected":false},"author":12,"featured_media":1795,"comment_status":"closed","ping_status":"closed","sticky":false,"template":"","format":"standard","meta":{"footnotes":""},"categories":[1],"tags":[],"class_list":["post-1787","post","type-post","status-publish","format-standard","has-post-thumbnail","hentry","category-allgemein"],"_links":{"self":[{"href":"https:\/\/tierbefreier.org\/tbleipzig\/wp-json\/wp\/v2\/posts\/1787","targetHints":{"allow":["GET"]}}],"collection":[{"href":"https:\/\/tierbefreier.org\/tbleipzig\/wp-json\/wp\/v2\/posts"}],"about":[{"href":"https:\/\/tierbefreier.org\/tbleipzig\/wp-json\/wp\/v2\/types\/post"}],"author":[{"embeddable":true,"href":"https:\/\/tierbefreier.org\/tbleipzig\/wp-json\/wp\/v2\/users\/12"}],"replies":[{"embeddable":true,"href":"https:\/\/tierbefreier.org\/tbleipzig\/wp-json\/wp\/v2\/comments?post=1787"}],"version-history":[{"count":4,"href":"https:\/\/tierbefreier.org\/tbleipzig\/wp-json\/wp\/v2\/posts\/1787\/revisions"}],"predecessor-version":[{"id":1814,"href":"https:\/\/tierbefreier.org\/tbleipzig\/wp-json\/wp\/v2\/posts\/1787\/revisions\/1814"}],"wp:featuredmedia":[{"embeddable":true,"href":"https:\/\/tierbefreier.org\/tbleipzig\/wp-json\/wp\/v2\/media\/1795"}],"wp:attachment":[{"href":"https:\/\/tierbefreier.org\/tbleipzig\/wp-json\/wp\/v2\/media?parent=1787"}],"wp:term":[{"taxonomy":"category","embeddable":true,"href":"https:\/\/tierbefreier.org\/tbleipzig\/wp-json\/wp\/v2\/categories?post=1787"},{"taxonomy":"post_tag","embeddable":true,"href":"https:\/\/tierbefreier.org\/tbleipzig\/wp-json\/wp\/v2\/tags?post=1787"}],"curies":[{"name":"wp","href":"https:\/\/api.w.org\/{rel}","templated":true}]}}