{"id":1470,"date":"2022-11-30T20:24:12","date_gmt":"2022-11-30T19:24:12","guid":{"rendered":"https:\/\/tierbefreier.org\/tbleipzig\/?p=1470"},"modified":"2022-11-30T20:24:13","modified_gmt":"2022-11-30T19:24:13","slug":"das-system-toennies-buchvorstellung","status":"publish","type":"post","link":"https:\/\/tierbefreier.org\/tbleipzig\/2022\/11\/30\/das-system-toennies-buchvorstellung\/","title":{"rendered":"Das \u201aSystem T\u00f6nnies\u2018 \u2013 Buchvorstellung"},"content":{"rendered":"\n<p>Im Jahr 2020 machte der T\u00f6nnies-Schlachthof in Rheda-Wiedenbr\u00fcck Schlagzeilen, als es im Werk und in den \u00fcberbelegten Unterk\u00fcnften der Arbeiter:innen massenhafte Corona-Ausbr\u00fcche gab. Zeitgleich erschien der Sammelband \u201eDas \u201aSystem T\u00f6nnies\u2018 \u2013 organisierte Kriminalit\u00e4t und moderne Sklaverei\u201c, in dem verschiedene Akteur:innen aus Gewerkschaften, Landwirtschaft, Tierschutz, Kirchen, Wissenschaft und Umweltverb\u00e4nden ihre Erfahrungen mit dem gr\u00f6\u00dften deutschen Fleischkonzern schildern. Das Buch traf somit genau den Nerv der Zeit. Seitdem gab es mit dem \u201eArbeitschutzkontrollgesetz\u201c weitreichende arbeitsrechtliche Reformen in der Fleischindustrie. Die Probleme f\u00fcr Tierwohl, Umwelt und Arbeiter:innen sind damit trotzdem nicht gel\u00f6st. <\/p>\n\n\n\n<p>In einem zweiten Band (August 2022) ziehen verschiedene Autor:innen eine erste Bilanz und gehen auf weitere problematische Aspekte des \u201eSystem T\u00f6nnies\u201c ein.<\/p>\n\n\n\n<p>In Wei\u00dfenfels steht der gr\u00f6\u00dfte Schlachthof Ostdeutschlands, der in beiden B\u00fcchern auch behandelt wird. In einer Lesung mit den Mitautor:innen Dieter Wegner von der Jour Fixe Gewerkschaftslinke Hamburg und Diana Harnisch vom BUND Wei\u00dfenfels soll auch in Halle die Aufmerksamkeit auf die Zust\u00e4nde in der Fleischindustrie gerichtet werden. Es wird zudem zu den Erfahrungen osteurop\u00e4ischer Arbeiterinnen in Wei\u00dfenfels und zur Schwierigkeit gewerkschaftlicher Organisierung berichtet werden. Kommt vorbei!<\/p>\n\n\n\n<p>Die FAU Halle ist seit L\u00e4ngerem mit dem T\u00f6nnies-Werk in Wei\u00dfenfels befasst und organisiert diese Veranstaltung. <\/p>\n","protected":false},"excerpt":{"rendered":"<p>Im Jahr 2020 machte der T\u00f6nnies-Schlachthof in Rheda-Wiedenbr\u00fcck Schlagzeilen, als es im Werk und in den \u00fcberbelegten Unterk\u00fcnften der Arbeiter:innen massenhafte Corona-Ausbr\u00fcche gab. Zeitgleich erschien der Sammelband \u201eDas \u201aSystem T\u00f6nnies\u2018 \u2013 organisierte Kriminalit\u00e4t und moderne Sklaverei\u201c, in dem verschiedene Akteur:innen aus Gewerkschaften, Landwirtschaft, Tierschutz, Kirchen, Wissenschaft und Umweltverb\u00e4nden ihre Erfahrungen mit dem gr\u00f6\u00dften deutschen Fleischkonzern [&hellip;]<\/p>\n","protected":false},"author":12,"featured_media":1471,"comment_status":"open","ping_status":"open","sticky":false,"template":"","format":"standard","meta":{"footnotes":""},"categories":[1],"tags":[],"class_list":["post-1470","post","type-post","status-publish","format-standard","has-post-thumbnail","hentry","category-allgemein"],"_links":{"self":[{"href":"https:\/\/tierbefreier.org\/tbleipzig\/wp-json\/wp\/v2\/posts\/1470","targetHints":{"allow":["GET"]}}],"collection":[{"href":"https:\/\/tierbefreier.org\/tbleipzig\/wp-json\/wp\/v2\/posts"}],"about":[{"href":"https:\/\/tierbefreier.org\/tbleipzig\/wp-json\/wp\/v2\/types\/post"}],"author":[{"embeddable":true,"href":"https:\/\/tierbefreier.org\/tbleipzig\/wp-json\/wp\/v2\/users\/12"}],"replies":[{"embeddable":true,"href":"https:\/\/tierbefreier.org\/tbleipzig\/wp-json\/wp\/v2\/comments?post=1470"}],"version-history":[{"count":1,"href":"https:\/\/tierbefreier.org\/tbleipzig\/wp-json\/wp\/v2\/posts\/1470\/revisions"}],"predecessor-version":[{"id":1472,"href":"https:\/\/tierbefreier.org\/tbleipzig\/wp-json\/wp\/v2\/posts\/1470\/revisions\/1472"}],"wp:featuredmedia":[{"embeddable":true,"href":"https:\/\/tierbefreier.org\/tbleipzig\/wp-json\/wp\/v2\/media\/1471"}],"wp:attachment":[{"href":"https:\/\/tierbefreier.org\/tbleipzig\/wp-json\/wp\/v2\/media?parent=1470"}],"wp:term":[{"taxonomy":"category","embeddable":true,"href":"https:\/\/tierbefreier.org\/tbleipzig\/wp-json\/wp\/v2\/categories?post=1470"},{"taxonomy":"post_tag","embeddable":true,"href":"https:\/\/tierbefreier.org\/tbleipzig\/wp-json\/wp\/v2\/tags?post=1470"}],"curies":[{"name":"wp","href":"https:\/\/api.w.org\/{rel}","templated":true}]}}