{"id":1465,"date":"2022-09-16T12:16:53","date_gmt":"2022-09-16T10:16:53","guid":{"rendered":"https:\/\/tierbefreier.org\/tbleipzig\/?p=1465"},"modified":"2022-09-16T12:21:06","modified_gmt":"2022-09-16T10:21:06","slug":"weissenfels-fuer-die-schliessung-aller-schlachthaeuser-demo-am-29-10-2022","status":"publish","type":"post","link":"https:\/\/tierbefreier.org\/tbleipzig\/2022\/09\/16\/weissenfels-fuer-die-schliessung-aller-schlachthaeuser-demo-am-29-10-2022\/","title":{"rendered":"Wei\u00dfenfels f\u00fcr die Schlie\u00dfung aller Schlachth\u00e4user \u2013  Demo am 29.10.2022"},"content":{"rendered":"\n<p>Gemeinsam mit ARWIA organisieren die Tierbefreier*innen Jena im Rahmen der Demoreihe \u201cF\u00fcr die Schlie\u00dfung aller Schlachth\u00e4user\u201d eine Demo in Wei\u00dfenfels. Wir unterst\u00fctzen den Aufruf und werden uns auch an der Demo beteiligen:<\/p>\n\n\n\n<p>T\u00f6nnies als der gr\u00f6\u00dfte Fleischkonzern in Deutschland t\u00f6tet t\u00e4glich tausende f\u00fchlende, intelligente<br>Lebewesen und erzeugt somit unn\u00f6tiges Leid. Wir wollen in Wei\u00dfenfels ein Zeichen gegen diese Grausamkeit setzen und daf\u00fcr einstehen, dass dieses f\u00fcr Tier, Mensch und Natur ausbeuterische System ein Ende haben muss.<\/p>\n\n\n\n<p>Kommt vorbei und seid laut mit uns!<\/p>\n\n\n\n<p>Ab 12 Uhr geht es am Bahnhof Wei\u00dfenfels los.<\/p>\n\n\n\n<p>Das Schlachten beenden! Bei T\u00f6nnies und \u00fcberall!<\/p>\n\n\n\n<p><\/p>\n\n\n\n<p>Personen und Gruppierungen, die eine rechte, rassistische, homophobe, sexistische oder eine sonstige antiemanzipatorische Weltanschauung vertreten, sind bei der Veranstaltung ausdr\u00fccklich nicht erw\u00fcnscht! Gleiches gilt f\u00fcr Personen und Gruppierungen, die die mit Corona verbundenen Gefahren leugnen oder mit der \u201eQuerdenken\u201c-Bewegung sympathisieren.<\/p>\n","protected":false},"excerpt":{"rendered":"<p>Gemeinsam mit ARWIA organisieren die Tierbefreier*innen Jena im Rahmen der Demoreihe \u201cF\u00fcr die Schlie\u00dfung aller Schlachth\u00e4user\u201d eine Demo in Wei\u00dfenfels. Wir unterst\u00fctzen den Aufruf und werden uns auch an der Demo beteiligen: T\u00f6nnies als der gr\u00f6\u00dfte Fleischkonzern in Deutschland t\u00f6tet t\u00e4glich tausende f\u00fchlende, intelligenteLebewesen und erzeugt somit unn\u00f6tiges Leid. Wir wollen in Wei\u00dfenfels ein Zeichen [&hellip;]<\/p>\n","protected":false},"author":12,"featured_media":1468,"comment_status":"open","ping_status":"open","sticky":false,"template":"","format":"standard","meta":{"footnotes":""},"categories":[1],"tags":[],"class_list":["post-1465","post","type-post","status-publish","format-standard","has-post-thumbnail","hentry","category-allgemein"],"_links":{"self":[{"href":"https:\/\/tierbefreier.org\/tbleipzig\/wp-json\/wp\/v2\/posts\/1465","targetHints":{"allow":["GET"]}}],"collection":[{"href":"https:\/\/tierbefreier.org\/tbleipzig\/wp-json\/wp\/v2\/posts"}],"about":[{"href":"https:\/\/tierbefreier.org\/tbleipzig\/wp-json\/wp\/v2\/types\/post"}],"author":[{"embeddable":true,"href":"https:\/\/tierbefreier.org\/tbleipzig\/wp-json\/wp\/v2\/users\/12"}],"replies":[{"embeddable":true,"href":"https:\/\/tierbefreier.org\/tbleipzig\/wp-json\/wp\/v2\/comments?post=1465"}],"version-history":[{"count":1,"href":"https:\/\/tierbefreier.org\/tbleipzig\/wp-json\/wp\/v2\/posts\/1465\/revisions"}],"predecessor-version":[{"id":1467,"href":"https:\/\/tierbefreier.org\/tbleipzig\/wp-json\/wp\/v2\/posts\/1465\/revisions\/1467"}],"wp:featuredmedia":[{"embeddable":true,"href":"https:\/\/tierbefreier.org\/tbleipzig\/wp-json\/wp\/v2\/media\/1468"}],"wp:attachment":[{"href":"https:\/\/tierbefreier.org\/tbleipzig\/wp-json\/wp\/v2\/media?parent=1465"}],"wp:term":[{"taxonomy":"category","embeddable":true,"href":"https:\/\/tierbefreier.org\/tbleipzig\/wp-json\/wp\/v2\/categories?post=1465"},{"taxonomy":"post_tag","embeddable":true,"href":"https:\/\/tierbefreier.org\/tbleipzig\/wp-json\/wp\/v2\/tags?post=1465"}],"curies":[{"name":"wp","href":"https:\/\/api.w.org\/{rel}","templated":true}]}}