{"id":1456,"date":"2022-09-01T17:01:22","date_gmt":"2022-09-01T15:01:22","guid":{"rendered":"https:\/\/tierbefreier.org\/tbleipzig\/?p=1456"},"modified":"2022-09-01T17:03:05","modified_gmt":"2022-09-01T15:03:05","slug":"animal-liberation-march-leipzig-03-09-2022","status":"publish","type":"post","link":"https:\/\/tierbefreier.org\/tbleipzig\/2022\/09\/01\/animal-liberation-march-leipzig-03-09-2022\/","title":{"rendered":"Animal Liberation March, Leipzig, 03.09.2022"},"content":{"rendered":"\n<p>Wir unterst\u00fczrn den Demoaufruf und sind auch mit dabei. Los geht es am Samstag, den 03. September 2022 um 13 Uhr auf dem Augustusplatz in Leipzig:<\/p>\n\n\n\n<p>&#8222;Nach einem Jahr Pause ist es endlich wieder soweit: Der Animal Liberation March geht in die 3. Runde. Und dieses Jahr meinen wir es w\u00f6rtlich \u2013 nachdem wir uns 2020 aufgrund der Pandemie auf den Marktplatz beschr\u00e4nkt haben, findet die Demo dieses Jahr wieder als Marsch statt.<\/p>\n\n\n\n<p>Lasst uns gemeinsam laut sein, lasst uns bunt sein, lasst uns unsere Botschaft in die Stra\u00dfen Leipzigs tragen, in die Caf\u00e9s, Restaurants und Burgerl\u00e4den.<br>Die Ausbeutung von Tieren ist nicht frei von Konsequenzen. Sie geschieht auf Kosten f\u00fchlender Lebewesen, die wie wir alle Leid, Schmerz und Angst empfinden. Sie geschieht auf Kosten ausgebeuteter Menschen in den Betrieben von T\u00f6nnies und Co. Sie bringt Pandemien hervor und sie geschieht auf Kosten der Umwelt und damit als aller erstes auf Kosten des globalen S\u00fcdens.<\/p>\n\n\n\n<p>Die Ausbeutung von Menschen und Tieren ist jedoch nicht alternativlos. Ausbeutung ist kein Menschenrecht, es ist das Privileg einiger weniger auf Kosten der Mehrheit. Wir brauchen weder Fleisch noch Kuhmilch, weder Leder noch Pelz, weder Zoos noch Tiershows.<br>Eine andere Welt ist m\u00f6glich, eine befreite Welt ist m\u00f6glich. Lasst uns gemeinsam daf\u00fcr k\u00e4mpfen.<\/p>\n\n\n\n<p>Animal Liberation now!&#8220;<\/p>\n\n\n\n<p><\/p>\n\n\n\n<p>Die Veranstalter*innen weisen ausdr\u00fccklich darauf hin, dass nationalistische, sexistische, rassistische, homo-, inter- und transfeindliche Personen sowie Verschw\u00f6rungstheoretiker*innen und Querfrontler*innen aller Art und Personen, die rechtsextremen Parteien oder Organisationen angeh\u00f6ren, der rechtsextremen Szene zuzuordnen sind oder bereits in der Vergangenheit durch rassistische, nationalistische, antisemitische oder sonstige menschenverachtende \u00c4u\u00dferungen in Erscheinung getreten sind, von der Veranstaltung ausgeschlossen und diesen der Zutritt verwehrt werden wird.<\/p>\n","protected":false},"excerpt":{"rendered":"<p>Wir unterst\u00fczrn den Demoaufruf und sind auch mit dabei. Los geht es am Samstag, den 03. September 2022 um 13 Uhr auf dem Augustusplatz in Leipzig: &#8222;Nach einem Jahr Pause ist es endlich wieder soweit: Der Animal Liberation March geht in die 3. Runde. Und dieses Jahr meinen wir es w\u00f6rtlich \u2013 nachdem wir uns [&hellip;]<\/p>\n","protected":false},"author":12,"featured_media":1459,"comment_status":"open","ping_status":"open","sticky":false,"template":"","format":"standard","meta":{"footnotes":""},"categories":[1],"tags":[],"class_list":["post-1456","post","type-post","status-publish","format-standard","has-post-thumbnail","hentry","category-allgemein"],"_links":{"self":[{"href":"https:\/\/tierbefreier.org\/tbleipzig\/wp-json\/wp\/v2\/posts\/1456","targetHints":{"allow":["GET"]}}],"collection":[{"href":"https:\/\/tierbefreier.org\/tbleipzig\/wp-json\/wp\/v2\/posts"}],"about":[{"href":"https:\/\/tierbefreier.org\/tbleipzig\/wp-json\/wp\/v2\/types\/post"}],"author":[{"embeddable":true,"href":"https:\/\/tierbefreier.org\/tbleipzig\/wp-json\/wp\/v2\/users\/12"}],"replies":[{"embeddable":true,"href":"https:\/\/tierbefreier.org\/tbleipzig\/wp-json\/wp\/v2\/comments?post=1456"}],"version-history":[{"count":2,"href":"https:\/\/tierbefreier.org\/tbleipzig\/wp-json\/wp\/v2\/posts\/1456\/revisions"}],"predecessor-version":[{"id":1460,"href":"https:\/\/tierbefreier.org\/tbleipzig\/wp-json\/wp\/v2\/posts\/1456\/revisions\/1460"}],"wp:featuredmedia":[{"embeddable":true,"href":"https:\/\/tierbefreier.org\/tbleipzig\/wp-json\/wp\/v2\/media\/1459"}],"wp:attachment":[{"href":"https:\/\/tierbefreier.org\/tbleipzig\/wp-json\/wp\/v2\/media?parent=1456"}],"wp:term":[{"taxonomy":"category","embeddable":true,"href":"https:\/\/tierbefreier.org\/tbleipzig\/wp-json\/wp\/v2\/categories?post=1456"},{"taxonomy":"post_tag","embeddable":true,"href":"https:\/\/tierbefreier.org\/tbleipzig\/wp-json\/wp\/v2\/tags?post=1456"}],"curies":[{"name":"wp","href":"https:\/\/api.w.org\/{rel}","templated":true}]}}