{"id":1415,"date":"2022-01-10T10:52:16","date_gmt":"2022-01-10T09:52:16","guid":{"rendered":"https:\/\/tierbefreier.org\/tbleipzig\/?p=1415"},"modified":"2022-03-10T10:52:38","modified_gmt":"2022-03-10T09:52:38","slug":"befreiung-hoert-nicht-beim-menschen-auf","status":"publish","type":"post","link":"https:\/\/tierbefreier.org\/tbleipzig\/2022\/01\/10\/befreiung-hoert-nicht-beim-menschen-auf\/","title":{"rendered":"Befreiung h\u00f6rt nicht beim Menschen auf!"},"content":{"rendered":"\n<p>Wir als Leipziger Ortsgruppe der Tierbefreier*innen haben den Aufruf \u201eBefreiung h\u00f6rt nicht beim Menschen auf!\u201c mit unterzeichnet und freuen uns auf die anstehende Online Veranstaltung am Sonntag dem 30.01. um 17 Uhr! Den Link f\u00fcr die Veranstaltung findet ihr hier:<br><br><a href=\"https:\/\/befreiung-hoert-nicht-beim-menschen-auf.org\">https:\/\/befreiung-hoert-nicht-beim-menschen-auf.org<\/a><br><br>Antispeziesmus wird auch in linken Kreisen heute noch von mancher Seite misstrauisch betrachtet. Doch die Kritiken zeigen dabei meistens eher Vorurteile und das eigene speziesistisches Mindset auf. Eine radikale Herrschaftskritik, die nicht solidarisch der Befreiung von nichtmenschlichen Tieren gegen\u00fcbersteht ist keine radikale Herrschaftskritik, sondern reproduziert und verteidigt eine unterdr\u00fcckerische und gewaltt\u00e4tige Realit\u00e4t.<br><br>Nichtmenschliche Tiere sind eigenst\u00e4ndige und empfindungsf\u00e4hige Individuen, die in unserer Gesellschaft systematisch allem beraubt werden wof\u00fcr es sich zu k\u00e4mpfen lohnt: Das Ausleben der eigenen Bed\u00fcrfnisse und Interessen, die Autonomie des K\u00f6rpers, Selbstbestimmung in jeglicher Form sowie dem Recht auf Unversehrtheit und Leben. Sie werden zu Waren, Eigentum und Produktionsmitteln degradiert und millionenfach dazu gezwungen ein Leben im K\u00e4fig zu fristen bis sie ermordet werden. Der Kampf gegen dieses Ausbeutungsverh\u00e4ltnis muss in einer linken Debatte nach sozialer Gerechtigkeit mitgedacht werden und Solidarit\u00e4t erfahren. F\u00fcr uns ist es ganz klar h\u00f6chste Zeit K\u00e4mpfe zu verbinden, voneinander zu lernen und solidarisch zusammenzustehen im Kampf gegen Kapitalismus und der Ausbeutung von Erde, Mensch und Tier. Diese bedingen sich alle gegenseitig und erzeugen Wechselwirkungen in Form sozialer Ausgrenzung und Diskriminierung. Zulange wurde von vielen vernachl\u00e4ssigt, dass wir die Kritiken verbinden m\u00fcssen um sie als Teil eines gro\u00dfen Ganzes begreifen und k\u00e4mpfen zu k\u00f6nnen. Ein radikales und vor allem effektives K\u00e4mpfen gegen Herrschaft und Ausbeutung erfordert genau hinzusehen und zu verstehen wo diese \u00fcberall stattfindet. Gegen jede Herrschaftsform &#8211; Speziesismus ist ein Teil davon.<br><br><a href=\"https:\/\/www.instagram.com\/explore\/tags\/solidarit\u00e4tmittieren\/\">#solidarit\u00e4tmittieren<\/a> <a href=\"https:\/\/www.instagram.com\/explore\/tags\/antispeziesismus\/\">#antispeziesismus<\/a> <a href=\"https:\/\/www.instagram.com\/explore\/tags\/vegan\/\">#vegan<\/a> <a href=\"https:\/\/www.instagram.com\/explore\/tags\/tierbefreiung\/\">#tierbefreiung<\/a> <a href=\"https:\/\/www.instagram.com\/explore\/tags\/antispe\/\">#antispe<\/a> <a href=\"https:\/\/www.instagram.com\/explore\/tags\/antifa\/\">#antifa<\/a> <a href=\"https:\/\/www.instagram.com\/explore\/tags\/totalliberation\/\">#totalliberation<\/a> <a href=\"https:\/\/www.instagram.com\/explore\/tags\/veganismus\/\">#veganismus<\/a> <a href=\"https:\/\/www.instagram.com\/explore\/tags\/antifaschismus\/\">#antifaschismus<\/a> <a href=\"https:\/\/www.instagram.com\/explore\/tags\/161\/\">#161<\/a><\/p>\n","protected":false},"excerpt":{"rendered":"<p>Wir als Leipziger Ortsgruppe der Tierbefreier*innen haben den Aufruf \u201eBefreiung h\u00f6rt nicht beim Menschen auf!\u201c mit unterzeichnet und freuen uns auf die anstehende Online Veranstaltung am Sonntag dem 30.01. um 17 Uhr! Den Link f\u00fcr die Veranstaltung findet ihr hier: https:\/\/befreiung-hoert-nicht-beim-menschen-auf.org Antispeziesmus wird auch in linken Kreisen heute noch von mancher Seite misstrauisch betrachtet. Doch [&hellip;]<\/p>\n","protected":false},"author":12,"featured_media":1416,"comment_status":"open","ping_status":"open","sticky":false,"template":"","format":"standard","meta":{"footnotes":""},"categories":[1],"tags":[],"class_list":["post-1415","post","type-post","status-publish","format-standard","has-post-thumbnail","hentry","category-allgemein"],"_links":{"self":[{"href":"https:\/\/tierbefreier.org\/tbleipzig\/wp-json\/wp\/v2\/posts\/1415","targetHints":{"allow":["GET"]}}],"collection":[{"href":"https:\/\/tierbefreier.org\/tbleipzig\/wp-json\/wp\/v2\/posts"}],"about":[{"href":"https:\/\/tierbefreier.org\/tbleipzig\/wp-json\/wp\/v2\/types\/post"}],"author":[{"embeddable":true,"href":"https:\/\/tierbefreier.org\/tbleipzig\/wp-json\/wp\/v2\/users\/12"}],"replies":[{"embeddable":true,"href":"https:\/\/tierbefreier.org\/tbleipzig\/wp-json\/wp\/v2\/comments?post=1415"}],"version-history":[{"count":1,"href":"https:\/\/tierbefreier.org\/tbleipzig\/wp-json\/wp\/v2\/posts\/1415\/revisions"}],"predecessor-version":[{"id":1417,"href":"https:\/\/tierbefreier.org\/tbleipzig\/wp-json\/wp\/v2\/posts\/1415\/revisions\/1417"}],"wp:featuredmedia":[{"embeddable":true,"href":"https:\/\/tierbefreier.org\/tbleipzig\/wp-json\/wp\/v2\/media\/1416"}],"wp:attachment":[{"href":"https:\/\/tierbefreier.org\/tbleipzig\/wp-json\/wp\/v2\/media?parent=1415"}],"wp:term":[{"taxonomy":"category","embeddable":true,"href":"https:\/\/tierbefreier.org\/tbleipzig\/wp-json\/wp\/v2\/categories?post=1415"},{"taxonomy":"post_tag","embeddable":true,"href":"https:\/\/tierbefreier.org\/tbleipzig\/wp-json\/wp\/v2\/tags?post=1415"}],"curies":[{"name":"wp","href":"https:\/\/api.w.org\/{rel}","templated":true}]}}